{"id":1576,"date":"2026-04-22T13:55:55","date_gmt":"2026-04-22T11:55:55","guid":{"rendered":"https:\/\/bedkow.eu\/?p=1576"},"modified":"2026-04-22T14:02:34","modified_gmt":"2026-04-22T12:02:34","slug":"informacja-o-realizacji-programu-fundusz-europejski-na-pomoc-zywnosciowa-2021-2027-podprogram-2025","status":"publish","type":"post","link":"https:\/\/bedkow.eu\/index.php\/2026\/04\/22\/informacja-o-realizacji-programu-fundusz-europejski-na-pomoc-zywnosciowa-2021-2027-podprogram-2025\/","title":{"rendered":"Realizacjia Programu Fundusz Europejski na Pomoc \u017bywno\u015bciow\u0105 2021\u20132027"},"content":{"rendered":"\n<figure class=\"wp-block-image size-full\"><img loading=\"lazy\" decoding=\"async\" width=\"945\" height=\"133\" src=\"https:\/\/bedkow.eu\/wp-content\/uploads\/2026\/04\/obraz.png\" alt=\"\" class=\"wp-image-1577\" srcset=\"https:\/\/bedkow.eu\/wp-content\/uploads\/2026\/04\/obraz.png 945w, https:\/\/bedkow.eu\/wp-content\/uploads\/2026\/04\/obraz-300x42.png 300w, https:\/\/bedkow.eu\/wp-content\/uploads\/2026\/04\/obraz-768x108.png 768w\" sizes=\"auto, (max-width: 945px) 100vw, 945px\" \/><\/figure>\n\n\n\n<p>Gminny O\u015brodek Pomocy Spo\u0142ecznej w B\u0119dkowie rozpocz\u0105\u0142 realizacj\u0119 Programu Fundusz Europejski na Pomoc \u017bywno\u015bciow\u0105 2021\u20132027 wsp\u00f3\u0142finansowanego z Europejskiego Funduszu Spo\u0142ecznego Plus\u2013 Podprogram 2025 \u2013 realizowany w roku kalendarzowym 2026.<\/p>\n\n\n\n<p>Program FEP\u017b ma na celu wsparcie os\u00f3b najbardziej potrzebuj\u0105cych poprzez zapewnienie podstawowej pomocy \u017cywno\u015bciowej w formie paczek \u017cywno\u015bciowych.<\/p>\n\n\n\n<p>Pomoc w ramach programu mog\u0105 otrzyma\u0107 osoby i rodziny znajduj\u0105ce si\u0119 w trudnej sytuacji \u017cyciowej, w szczeg\u00f3lno\u015bci z powodu:<\/p>\n\n\n\n<ul class=\"wp-block-list\">\n<li>ub\u00f3stwa,<\/li>\n\n\n\n<li>bezdomno\u015bci,<\/li>\n\n\n\n<li>niepe\u0142nosprawno\u015bci,<\/li>\n\n\n\n<li>potrzeby ochrony macierzy\u0144stwa,<\/li>\n\n\n\n<li>wielodzietno\u015bci,<\/li>\n\n\n\n<li>trudno\u015bci w integracji cudzoziemc\u00f3w posiadaj\u0105cych w RP status uchod\u017acy lub ochron\u0119 uzupe\u0142niaj\u0105c\u0105,<\/li>\n\n\n\n<li>oraz innych przes\u0142anek okre\u015blonych w art. 7 ustawy o pomocy spo\u0142ecznej.<\/li>\n<\/ul>\n\n\n\n<p><strong>Warunkiem uzyskania wsparcia jest spe\u0142nienie kryterium dochodowego, kt\u00f3re wynosi:<\/strong><\/p>\n\n\n\n<ul class=\"wp-block-list\">\n<li>2676,50 z\u0142 \u2013 dla osoby samotnie gospodaruj\u0105cej (tj. 265% kryterium dochodowego ustawowego),<\/li>\n\n\n\n<li>2180,95 z\u0142 \u2013 dla osoby w rodzinie (tj. 265% kryterium dochodowego ustawowego).<\/li>\n<\/ul>\n\n\n\n<p>Wi\u0119cej informacji na&nbsp;temat Programu Fundusze Europejskie na&nbsp;Pomoc \u017bywno\u015bciow\u0105 2021-2027 mo\u017cna uzyska\u0107&nbsp;osobi\u015bcie w siedzibie O\u015brodka lub u pracownik\u00f3w Gminnego O\u015brodka Pomocy Spo\u0142ecznej&nbsp;w B\u0119dkowie, nr tel. 888-682-005.<\/p>\n","protected":false},"excerpt":{"rendered":"<p>Gminny O\u015brodek Pomocy Spo\u0142ecznej w B\u0119dkowie rozpocz\u0105\u0142 realizacj\u0119 Programu Fundusz Europejski na Pomoc \u017bywno\u015bciow\u0105 2021\u20132027 wsp\u00f3\u0142finansowanego z Europejskiego Funduszu Spo\u0142ecznego Plus\u2013 Podprogram 2025 \u2013 realizowany w roku kalendarzowym 2026. Program FEP\u017b ma na celu wsparcie os\u00f3b najbardziej potrzebuj\u0105cych poprzez zapewnienie podstawowej pomocy \u017cywno\u015bciowej w formie paczek \u017cywno\u015bciowych. Pomoc w ramach programu mog\u0105 otrzyma\u0107 osoby i [&hellip;]<\/p>\n","protected":false},"author":1,"featured_media":1580,"comment_status":"open","ping_status":"open","sticky":false,"template":"","format":"standard","meta":{"footnotes":""},"categories":[1],"tags":[],"class_list":["post-1576","post","type-post","status-publish","format-standard","has-post-thumbnail","hentry","category-aktualnosci"],"_links":{"self":[{"href":"https:\/\/bedkow.eu\/index.php\/wp-json\/wp\/v2\/posts\/1576","targetHints":{"allow":["GET"]}}],"collection":[{"href":"https:\/\/bedkow.eu\/index.php\/wp-json\/wp\/v2\/posts"}],"about":[{"href":"https:\/\/bedkow.eu\/index.php\/wp-json\/wp\/v2\/types\/post"}],"author":[{"embeddable":true,"href":"https:\/\/bedkow.eu\/index.php\/wp-json\/wp\/v2\/users\/1"}],"replies":[{"embeddable":true,"href":"https:\/\/bedkow.eu\/index.php\/wp-json\/wp\/v2\/comments?post=1576"}],"version-history":[{"count":4,"href":"https:\/\/bedkow.eu\/index.php\/wp-json\/wp\/v2\/posts\/1576\/revisions"}],"predecessor-version":[{"id":1583,"href":"https:\/\/bedkow.eu\/index.php\/wp-json\/wp\/v2\/posts\/1576\/revisions\/1583"}],"wp:featuredmedia":[{"embeddable":true,"href":"https:\/\/bedkow.eu\/index.php\/wp-json\/wp\/v2\/media\/1580"}],"wp:attachment":[{"href":"https:\/\/bedkow.eu\/index.php\/wp-json\/wp\/v2\/media?parent=1576"}],"wp:term":[{"taxonomy":"category","embeddable":true,"href":"https:\/\/bedkow.eu\/index.php\/wp-json\/wp\/v2\/categories?post=1576"},{"taxonomy":"post_tag","embeddable":true,"href":"https:\/\/bedkow.eu\/index.php\/wp-json\/wp\/v2\/tags?post=1576"}],"curies":[{"name":"wp","href":"https:\/\/api.w.org\/{rel}","templated":true}]}}